{"id":91,"date":"2019-08-10T10:47:28","date_gmt":"2019-08-10T08:47:28","guid":{"rendered":"http:\/\/192.168.1.100\/www.velo-nature.de\/?p=91"},"modified":"2020-10-27T01:36:36","modified_gmt":"2020-10-27T00:36:36","slug":"das-podbike-velomobil-3-0","status":"publish","type":"post","link":"https:\/\/speefak.spdns.de\/www.bike2change.de\/das-podbike-velomobil-3-0\/","title":{"rendered":"Das Podbike <br> Velomobil von Morgen"},"content":{"rendered":"<p>Das <a href=\"http:\/\/www.podbike.com\/de\/\" target=\"_blank\" rel=\"noopener noreferrer\">Podbike<\/a> will die Vorz\u00fcge von Auto- und Radfahren vereinigen, d.h. man muss schon sportlich in die Pedale treten, aber man erh\u00e4lt elektrische Unterst\u00fctzung sowie einen rundum Wetterschutz und Stauraum f\u00fcr den Einkauf. Wer m\u00f6chte, kann das vierr\u00e4drige Podbike auch in ein Cabrio verwandeln; nat\u00fcrlich mit \u00dcberrollb\u00fcgel und Aufprallschutz. Sogar ein kleines Kind kann dank speziellem Kindersitz mitgenommen werden.<\/p>\n<p>Die Reichweite des Podbikes gibt das norwegische Start-Up mit bis zu 300km an. In Deutschland wird das Podbike als Pedelec zugelassen mit einer Leistungsgrenze bei 25km\/h. Das Leergewicht liegt bei rund 60kg und mit seinen Abmessungen (L\u00e4nge: 2,30 m, H\u00f6he: 1,50 m, Breite: 0,80 m, Wendekreis: 3,50 m) soll es Personen mit einer K\u00f6rpergr\u00f6\u00dfe bis zu 1,98 m ausreichend Platz bieten.<\/p>\n<p>S\u00f8rensens Ziel ist es, das Podbike m\u00f6glichst bald in Massenproduktion zu fertigen, um damit den Klimawandel zu stoppen und eine echte Alternative f\u00fcr diesel- und benzinbetriebene Autos anzubieten.<\/p>\n<p>Auch f\u00fcr das innerst\u00e4dtische Parkplatzproblem bietet das Start-Up eine L\u00f6sung; zum Parken kann das Podbike aufgerichtet werden und nimmt damit noch weniger Platz ein. Auch eine passende Garage inkl. Solarmodul ist in Planung.<\/p>\n<p>Das Standardmodell soll ca. 4.500\u20ac kosten, weitere Sonderw\u00fcnsche wie bspw. zus\u00e4tzliche Batteriekapazit\u00e4t, Anh\u00e4ngerkupplung oder Soundsystem kosten extra.<\/p>\n<p>Ab Anfang 2019 soll das Podbike erh\u00e4ltlich sein. Laut seinem Erfinder Per Hassel S\u00f8rensen gibt es schon jetzt mehr als 1.000 Vorbestellungen.<\/p>\n<hr \/>\n<div class=\"column_2_outer_div_center\">\n<div class=\"column_2_inner_div_center\"><div id=\"metaslider-id-104\" style=\"max-width: 480px; margin: 0 auto;\" class=\"ml-slider-3-108-0 metaslider metaslider-nivo metaslider-104 ml-slider ms-theme-default\" role=\"region\" aria-label=\"Podbike\" data-height=\"270\" data-width=\"480\">\n    <div id=\"metaslider_container_104\">\n        <div class='slider-wrapper theme-default'><div class='ribbon'><\/div><div id='metaslider_104' class='nivoSlider'><img loading=\"lazy\" decoding=\"async\" src=\"https:\/\/speefak.spdns.de\/www.bike2change.de\/wp-content\/uploads\/2019\/08\/Podbike04-480x270.jpg\" height=\"270\" width=\"480\" title=\"Podbike04\" alt=\"\" class=\"slider-104 slide-714 msDefaultImage\" \/><img loading=\"lazy\" decoding=\"async\" src=\"https:\/\/speefak.spdns.de\/www.bike2change.de\/wp-content\/uploads\/2019\/08\/Podbike02-480x270.jpg\" height=\"270\" width=\"480\" title=\"Podbike02\" alt=\"\" class=\"slider-104 slide-712 msDefaultImage\" \/><img loading=\"lazy\" decoding=\"async\" src=\"https:\/\/speefak.spdns.de\/www.bike2change.de\/wp-content\/uploads\/2019\/08\/Podbike01-480x270.jpg\" height=\"270\" width=\"480\" title=\"Podbike01\" alt=\"\" class=\"slider-104 slide-711 msDefaultImage\" \/><img loading=\"lazy\" decoding=\"async\" src=\"https:\/\/speefak.spdns.de\/www.bike2change.de\/wp-content\/uploads\/2019\/08\/Podbike-articleGalleryOverlay-9cc3b44d-1131397-480x270.jpg\" height=\"270\" width=\"480\" title=\"Podbike-articleGalleryOverlay-9cc3b44d-1131397\" alt=\"\" class=\"slider-104 slide-715 msDefaultImage\" \/><img loading=\"lazy\" decoding=\"async\" src=\"https:\/\/speefak.spdns.de\/www.bike2change.de\/wp-content\/uploads\/2019\/08\/Podbike-articleGalleryOverlay-b4215be-1131394-480x270.jpg\" height=\"270\" width=\"480\" title=\"Podbike-articleGalleryOverlay-b4215be-1131394\" alt=\"\" class=\"slider-104 slide-716 msDefaultImage\" \/><img loading=\"lazy\" decoding=\"async\" src=\"https:\/\/speefak.spdns.de\/www.bike2change.de\/wp-content\/uploads\/2019\/08\/Podbike-articleGalleryOverlay-d5721d79-1131395-480x270.jpg\" height=\"270\" width=\"480\" title=\"Podbike-articleGalleryOverlay-d5721d79-1131395\" alt=\"\" class=\"slider-104 slide-717 msDefaultImage\" \/><img loading=\"lazy\" decoding=\"async\" src=\"https:\/\/speefak.spdns.de\/www.bike2change.de\/wp-content\/uploads\/2019\/08\/Podbike-articleGalleryOverlay-f36b4293-1131396-480x270.jpg\" height=\"270\" width=\"480\" title=\"Podbike-articleGalleryOverlay-f36b4293-1131396\" alt=\"\" class=\"slider-104 slide-718 msDefaultImage\" \/><img loading=\"lazy\" decoding=\"async\" src=\"https:\/\/speefak.spdns.de\/www.bike2change.de\/wp-content\/uploads\/2019\/08\/Podbike03-480x270.jpg\" height=\"270\" width=\"480\" title=\"Podbike03\" alt=\"\" class=\"slider-104 slide-713 msDefaultImage\" \/><\/div><\/div>\n        \n    <\/div>\n<\/div><\/div>\n<div class=\"column_2_inner_div_center\"><iframe loading=\"lazy\" src=\"https:\/\/www.youtube.com\/embed\/y2Nhp4l2c5A?rel=0&amp;vq=hd1080\" width=\"480\" height=\"270\" frameborder=\"0\" allowfullscreen=\"allowfullscreen\"><\/iframe><\/div>\n<\/div>\n<hr \/>\n<p><span style=\"font-size: 8pt;\">Quellen: <a href=\"http:\/\/www.podbike.com\/de\/\" target=\"_blank\" rel=\"noopener noreferrer\">www.podbike.com<\/a> | <a href=\"https:\/\/www.ingenieur.de\/technik\/fachbereiche\/verkehr\/podbike-wenn-fahrrad-auto-zusammentun\/\" target=\"_blank\" rel=\"noopener noreferrer\">www.ingenieur.de<\/a><\/span><\/p>\n","protected":false},"excerpt":{"rendered":"<p>Das Podbike will die Vorz\u00fcge von Auto- und Radfahren vereinigen, d.h. man muss schon sportlich in die Pedale <\/p>\n","protected":false},"author":2,"featured_media":706,"comment_status":"open","ping_status":"open","sticky":false,"template":"","format":"standard","meta":{"footnotes":""},"categories":[59,7],"tags":[],"class_list":{"0":"post-91","1":"post","2":"type-post","3":"status-publish","4":"format-standard","5":"has-post-thumbnail","7":"category-e-bikes","8":"category-innovationen","9":"czr-hentry"},"yoast_head":"<!-- This site is optimized with the Yoast SEO plugin v27.4 - https:\/\/yoast.com\/product\/yoast-seo-wordpress\/ -->\n<title>Das Podbike  Velomobil von Morgen - bike2change<\/title>\n<meta name=\"robots\" content=\"index, follow, max-snippet:-1, max-image-preview:large, max-video-preview:-1\" \/>\n<link rel=\"canonical\" href=\"https:\/\/speefak.spdns.de\/www.bike2change.de\/das-podbike-velomobil-3-0\/\" \/>\n<meta property=\"og:locale\" content=\"de_DE\" \/>\n<meta property=\"og:type\" content=\"article\" \/>\n<meta property=\"og:title\" content=\"Das Podbike  Velomobil von Morgen - bike2change\" \/>\n<meta property=\"og:description\" content=\"Das Podbike will die Vorz\u00fcge von Auto- und Radfahren vereinigen, d.h. man muss schon sportlich in die Pedale\" \/>\n<meta property=\"og:url\" content=\"https:\/\/speefak.spdns.de\/www.bike2change.de\/das-podbike-velomobil-3-0\/\" \/>\n<meta property=\"og:site_name\" content=\"bike2change\" \/>\n<meta property=\"article:published_time\" content=\"2019-08-10T08:47:28+00:00\" \/>\n<meta property=\"article:modified_time\" content=\"2020-10-27T00:36:36+00:00\" \/>\n<meta property=\"og:image\" content=\"https:\/\/speefak.spdns.de\/www.bike2change.de\/wp-content\/uploads\/2019\/08\/Podbike04.jpg\" \/>\n\t<meta property=\"og:image:width\" content=\"800\" \/>\n\t<meta property=\"og:image:height\" content=\"450\" \/>\n\t<meta property=\"og:image:type\" content=\"image\/jpeg\" \/>\n<meta name=\"author\" content=\"BikersMind\" \/>\n<meta name=\"twitter:card\" content=\"summary_large_image\" \/>\n<meta name=\"twitter:label1\" content=\"Verfasst von\" \/>\n\t<meta name=\"twitter:data1\" content=\"BikersMind\" \/>\n\t<meta name=\"twitter:label2\" content=\"Gesch\u00e4tzte Lesezeit\" \/>\n\t<meta name=\"twitter:data2\" content=\"1\u00a0Minute\" \/>\n<script type=\"application\/ld+json\" class=\"yoast-schema-graph\">{\"@context\":\"https:\\\/\\\/schema.org\",\"@graph\":[{\"@type\":\"Article\",\"@id\":\"https:\\\/\\\/speefak.spdns.de\\\/www.bike2change.de\\\/das-podbike-velomobil-3-0\\\/#article\",\"isPartOf\":{\"@id\":\"https:\\\/\\\/speefak.spdns.de\\\/www.bike2change.de\\\/das-podbike-velomobil-3-0\\\/\"},\"author\":{\"name\":\"BikersMind\",\"@id\":\"https:\\\/\\\/speefak.spdns.de\\\/www.bike2change.de\\\/#\\\/schema\\\/person\\\/b998fc00d558e114f15abe2942f184b8\"},\"headline\":\"Das Podbike Velomobil von Morgen\",\"datePublished\":\"2019-08-10T08:47:28+00:00\",\"dateModified\":\"2020-10-27T00:36:36+00:00\",\"mainEntityOfPage\":{\"@id\":\"https:\\\/\\\/speefak.spdns.de\\\/www.bike2change.de\\\/das-podbike-velomobil-3-0\\\/\"},\"wordCount\":252,\"commentCount\":0,\"publisher\":{\"@id\":\"https:\\\/\\\/speefak.spdns.de\\\/www.bike2change.de\\\/#organization\"},\"image\":{\"@id\":\"https:\\\/\\\/speefak.spdns.de\\\/www.bike2change.de\\\/das-podbike-velomobil-3-0\\\/#primaryimage\"},\"thumbnailUrl\":\"https:\\\/\\\/speefak.spdns.de\\\/www.bike2change.de\\\/wp-content\\\/uploads\\\/2019\\\/08\\\/Podbike04.jpg\",\"articleSection\":[\"E-Bikes\",\"Innovationen\"],\"inLanguage\":\"de\",\"potentialAction\":[{\"@type\":\"CommentAction\",\"name\":\"Comment\",\"target\":[\"https:\\\/\\\/speefak.spdns.de\\\/www.bike2change.de\\\/das-podbike-velomobil-3-0\\\/#respond\"]}]},{\"@type\":\"WebPage\",\"@id\":\"https:\\\/\\\/speefak.spdns.de\\\/www.bike2change.de\\\/das-podbike-velomobil-3-0\\\/\",\"url\":\"https:\\\/\\\/speefak.spdns.de\\\/www.bike2change.de\\\/das-podbike-velomobil-3-0\\\/\",\"name\":\"Das Podbike Velomobil von Morgen - bike2change\",\"isPartOf\":{\"@id\":\"https:\\\/\\\/speefak.spdns.de\\\/www.bike2change.de\\\/#website\"},\"primaryImageOfPage\":{\"@id\":\"https:\\\/\\\/speefak.spdns.de\\\/www.bike2change.de\\\/das-podbike-velomobil-3-0\\\/#primaryimage\"},\"image\":{\"@id\":\"https:\\\/\\\/speefak.spdns.de\\\/www.bike2change.de\\\/das-podbike-velomobil-3-0\\\/#primaryimage\"},\"thumbnailUrl\":\"https:\\\/\\\/speefak.spdns.de\\\/www.bike2change.de\\\/wp-content\\\/uploads\\\/2019\\\/08\\\/Podbike04.jpg\",\"datePublished\":\"2019-08-10T08:47:28+00:00\",\"dateModified\":\"2020-10-27T00:36:36+00:00\",\"breadcrumb\":{\"@id\":\"https:\\\/\\\/speefak.spdns.de\\\/www.bike2change.de\\\/das-podbike-velomobil-3-0\\\/#breadcrumb\"},\"inLanguage\":\"de\",\"potentialAction\":[{\"@type\":\"ReadAction\",\"target\":[\"https:\\\/\\\/speefak.spdns.de\\\/www.bike2change.de\\\/das-podbike-velomobil-3-0\\\/\"]}]},{\"@type\":\"ImageObject\",\"inLanguage\":\"de\",\"@id\":\"https:\\\/\\\/speefak.spdns.de\\\/www.bike2change.de\\\/das-podbike-velomobil-3-0\\\/#primaryimage\",\"url\":\"https:\\\/\\\/speefak.spdns.de\\\/www.bike2change.de\\\/wp-content\\\/uploads\\\/2019\\\/08\\\/Podbike04.jpg\",\"contentUrl\":\"https:\\\/\\\/speefak.spdns.de\\\/www.bike2change.de\\\/wp-content\\\/uploads\\\/2019\\\/08\\\/Podbike04.jpg\",\"width\":800,\"height\":450},{\"@type\":\"BreadcrumbList\",\"@id\":\"https:\\\/\\\/speefak.spdns.de\\\/www.bike2change.de\\\/das-podbike-velomobil-3-0\\\/#breadcrumb\",\"itemListElement\":[{\"@type\":\"ListItem\",\"position\":1,\"name\":\"Startseite\",\"item\":\"https:\\\/\\\/speefak.spdns.de\\\/www.bike2change.de\\\/\"},{\"@type\":\"ListItem\",\"position\":2,\"name\":\"Das Podbike Velomobil von Morgen\"}]},{\"@type\":\"WebSite\",\"@id\":\"https:\\\/\\\/speefak.spdns.de\\\/www.bike2change.de\\\/#website\",\"url\":\"https:\\\/\\\/speefak.spdns.de\\\/www.bike2change.de\\\/\",\"name\":\"bike2change\",\"description\":\"Respect Nature - Expect Future\",\"publisher\":{\"@id\":\"https:\\\/\\\/speefak.spdns.de\\\/www.bike2change.de\\\/#organization\"},\"potentialAction\":[{\"@type\":\"SearchAction\",\"target\":{\"@type\":\"EntryPoint\",\"urlTemplate\":\"https:\\\/\\\/speefak.spdns.de\\\/www.bike2change.de\\\/?s={search_term_string}\"},\"query-input\":{\"@type\":\"PropertyValueSpecification\",\"valueRequired\":true,\"valueName\":\"search_term_string\"}}],\"inLanguage\":\"de\"},{\"@type\":\"Organization\",\"@id\":\"https:\\\/\\\/speefak.spdns.de\\\/www.bike2change.de\\\/#organization\",\"name\":\"bike2change\",\"url\":\"https:\\\/\\\/speefak.spdns.de\\\/www.bike2change.de\\\/\",\"logo\":{\"@type\":\"ImageObject\",\"inLanguage\":\"de\",\"@id\":\"https:\\\/\\\/speefak.spdns.de\\\/www.bike2change.de\\\/#\\\/schema\\\/logo\\\/image\\\/\",\"url\":\"https:\\\/\\\/speefak.spdns.de\\\/www.bike2change.de\\\/wp-content\\\/uploads\\\/2020\\\/05\\\/cropped-bike2change_browser_icon-1.png\",\"contentUrl\":\"https:\\\/\\\/speefak.spdns.de\\\/www.bike2change.de\\\/wp-content\\\/uploads\\\/2020\\\/05\\\/cropped-bike2change_browser_icon-1.png\",\"width\":511,\"height\":204,\"caption\":\"bike2change\"},\"image\":{\"@id\":\"https:\\\/\\\/speefak.spdns.de\\\/www.bike2change.de\\\/#\\\/schema\\\/logo\\\/image\\\/\"}},{\"@type\":\"Person\",\"@id\":\"https:\\\/\\\/speefak.spdns.de\\\/www.bike2change.de\\\/#\\\/schema\\\/person\\\/b998fc00d558e114f15abe2942f184b8\",\"name\":\"BikersMind\",\"image\":{\"@type\":\"ImageObject\",\"inLanguage\":\"de\",\"@id\":\"https:\\\/\\\/speefak.spdns.de\\\/www.bike2change.de\\\/wp-content\\\/uploads\\\/2019\\\/08\\\/Blue_Eye_HQ_500x500-150x150.png\",\"url\":\"https:\\\/\\\/speefak.spdns.de\\\/www.bike2change.de\\\/wp-content\\\/uploads\\\/2019\\\/08\\\/Blue_Eye_HQ_500x500-150x150.png\",\"contentUrl\":\"https:\\\/\\\/speefak.spdns.de\\\/www.bike2change.de\\\/wp-content\\\/uploads\\\/2019\\\/08\\\/Blue_Eye_HQ_500x500-150x150.png\",\"caption\":\"BikersMind\"},\"url\":\"https:\\\/\\\/speefak.spdns.de\\\/www.bike2change.de\\\/author\\\/speefak_b2c\\\/\"}]}<\/script>\n<!-- \/ Yoast SEO plugin. -->","yoast_head_json":{"title":"Das Podbike  Velomobil von Morgen - bike2change","robots":{"index":"index","follow":"follow","max-snippet":"max-snippet:-1","max-image-preview":"max-image-preview:large","max-video-preview":"max-video-preview:-1"},"canonical":"https:\/\/speefak.spdns.de\/www.bike2change.de\/das-podbike-velomobil-3-0\/","og_locale":"de_DE","og_type":"article","og_title":"Das Podbike  Velomobil von Morgen - bike2change","og_description":"Das Podbike will die Vorz\u00fcge von Auto- und Radfahren vereinigen, d.h. man muss schon sportlich in die Pedale","og_url":"https:\/\/speefak.spdns.de\/www.bike2change.de\/das-podbike-velomobil-3-0\/","og_site_name":"bike2change","article_published_time":"2019-08-10T08:47:28+00:00","article_modified_time":"2020-10-27T00:36:36+00:00","og_image":[{"width":800,"height":450,"url":"https:\/\/speefak.spdns.de\/www.bike2change.de\/wp-content\/uploads\/2019\/08\/Podbike04.jpg","type":"image\/jpeg"}],"author":"BikersMind","twitter_card":"summary_large_image","twitter_misc":{"Verfasst von":"BikersMind","Gesch\u00e4tzte Lesezeit":"1\u00a0Minute"},"schema":{"@context":"https:\/\/schema.org","@graph":[{"@type":"Article","@id":"https:\/\/speefak.spdns.de\/www.bike2change.de\/das-podbike-velomobil-3-0\/#article","isPartOf":{"@id":"https:\/\/speefak.spdns.de\/www.bike2change.de\/das-podbike-velomobil-3-0\/"},"author":{"name":"BikersMind","@id":"https:\/\/speefak.spdns.de\/www.bike2change.de\/#\/schema\/person\/b998fc00d558e114f15abe2942f184b8"},"headline":"Das Podbike Velomobil von Morgen","datePublished":"2019-08-10T08:47:28+00:00","dateModified":"2020-10-27T00:36:36+00:00","mainEntityOfPage":{"@id":"https:\/\/speefak.spdns.de\/www.bike2change.de\/das-podbike-velomobil-3-0\/"},"wordCount":252,"commentCount":0,"publisher":{"@id":"https:\/\/speefak.spdns.de\/www.bike2change.de\/#organization"},"image":{"@id":"https:\/\/speefak.spdns.de\/www.bike2change.de\/das-podbike-velomobil-3-0\/#primaryimage"},"thumbnailUrl":"https:\/\/speefak.spdns.de\/www.bike2change.de\/wp-content\/uploads\/2019\/08\/Podbike04.jpg","articleSection":["E-Bikes","Innovationen"],"inLanguage":"de","potentialAction":[{"@type":"CommentAction","name":"Comment","target":["https:\/\/speefak.spdns.de\/www.bike2change.de\/das-podbike-velomobil-3-0\/#respond"]}]},{"@type":"WebPage","@id":"https:\/\/speefak.spdns.de\/www.bike2change.de\/das-podbike-velomobil-3-0\/","url":"https:\/\/speefak.spdns.de\/www.bike2change.de\/das-podbike-velomobil-3-0\/","name":"Das Podbike Velomobil von Morgen - bike2change","isPartOf":{"@id":"https:\/\/speefak.spdns.de\/www.bike2change.de\/#website"},"primaryImageOfPage":{"@id":"https:\/\/speefak.spdns.de\/www.bike2change.de\/das-podbike-velomobil-3-0\/#primaryimage"},"image":{"@id":"https:\/\/speefak.spdns.de\/www.bike2change.de\/das-podbike-velomobil-3-0\/#primaryimage"},"thumbnailUrl":"https:\/\/speefak.spdns.de\/www.bike2change.de\/wp-content\/uploads\/2019\/08\/Podbike04.jpg","datePublished":"2019-08-10T08:47:28+00:00","dateModified":"2020-10-27T00:36:36+00:00","breadcrumb":{"@id":"https:\/\/speefak.spdns.de\/www.bike2change.de\/das-podbike-velomobil-3-0\/#breadcrumb"},"inLanguage":"de","potentialAction":[{"@type":"ReadAction","target":["https:\/\/speefak.spdns.de\/www.bike2change.de\/das-podbike-velomobil-3-0\/"]}]},{"@type":"ImageObject","inLanguage":"de","@id":"https:\/\/speefak.spdns.de\/www.bike2change.de\/das-podbike-velomobil-3-0\/#primaryimage","url":"https:\/\/speefak.spdns.de\/www.bike2change.de\/wp-content\/uploads\/2019\/08\/Podbike04.jpg","contentUrl":"https:\/\/speefak.spdns.de\/www.bike2change.de\/wp-content\/uploads\/2019\/08\/Podbike04.jpg","width":800,"height":450},{"@type":"BreadcrumbList","@id":"https:\/\/speefak.spdns.de\/www.bike2change.de\/das-podbike-velomobil-3-0\/#breadcrumb","itemListElement":[{"@type":"ListItem","position":1,"name":"Startseite","item":"https:\/\/speefak.spdns.de\/www.bike2change.de\/"},{"@type":"ListItem","position":2,"name":"Das Podbike Velomobil von Morgen"}]},{"@type":"WebSite","@id":"https:\/\/speefak.spdns.de\/www.bike2change.de\/#website","url":"https:\/\/speefak.spdns.de\/www.bike2change.de\/","name":"bike2change","description":"Respect Nature - Expect Future","publisher":{"@id":"https:\/\/speefak.spdns.de\/www.bike2change.de\/#organization"},"potentialAction":[{"@type":"SearchAction","target":{"@type":"EntryPoint","urlTemplate":"https:\/\/speefak.spdns.de\/www.bike2change.de\/?s={search_term_string}"},"query-input":{"@type":"PropertyValueSpecification","valueRequired":true,"valueName":"search_term_string"}}],"inLanguage":"de"},{"@type":"Organization","@id":"https:\/\/speefak.spdns.de\/www.bike2change.de\/#organization","name":"bike2change","url":"https:\/\/speefak.spdns.de\/www.bike2change.de\/","logo":{"@type":"ImageObject","inLanguage":"de","@id":"https:\/\/speefak.spdns.de\/www.bike2change.de\/#\/schema\/logo\/image\/","url":"https:\/\/speefak.spdns.de\/www.bike2change.de\/wp-content\/uploads\/2020\/05\/cropped-bike2change_browser_icon-1.png","contentUrl":"https:\/\/speefak.spdns.de\/www.bike2change.de\/wp-content\/uploads\/2020\/05\/cropped-bike2change_browser_icon-1.png","width":511,"height":204,"caption":"bike2change"},"image":{"@id":"https:\/\/speefak.spdns.de\/www.bike2change.de\/#\/schema\/logo\/image\/"}},{"@type":"Person","@id":"https:\/\/speefak.spdns.de\/www.bike2change.de\/#\/schema\/person\/b998fc00d558e114f15abe2942f184b8","name":"BikersMind","image":{"@type":"ImageObject","inLanguage":"de","@id":"https:\/\/speefak.spdns.de\/www.bike2change.de\/wp-content\/uploads\/2019\/08\/Blue_Eye_HQ_500x500-150x150.png","url":"https:\/\/speefak.spdns.de\/www.bike2change.de\/wp-content\/uploads\/2019\/08\/Blue_Eye_HQ_500x500-150x150.png","contentUrl":"https:\/\/speefak.spdns.de\/www.bike2change.de\/wp-content\/uploads\/2019\/08\/Blue_Eye_HQ_500x500-150x150.png","caption":"BikersMind"},"url":"https:\/\/speefak.spdns.de\/www.bike2change.de\/author\/speefak_b2c\/"}]}},"_links":{"self":[{"href":"https:\/\/speefak.spdns.de\/www.bike2change.de\/wp-json\/wp\/v2\/posts\/91","targetHints":{"allow":["GET"]}}],"collection":[{"href":"https:\/\/speefak.spdns.de\/www.bike2change.de\/wp-json\/wp\/v2\/posts"}],"about":[{"href":"https:\/\/speefak.spdns.de\/www.bike2change.de\/wp-json\/wp\/v2\/types\/post"}],"author":[{"embeddable":true,"href":"https:\/\/speefak.spdns.de\/www.bike2change.de\/wp-json\/wp\/v2\/users\/2"}],"replies":[{"embeddable":true,"href":"https:\/\/speefak.spdns.de\/www.bike2change.de\/wp-json\/wp\/v2\/comments?post=91"}],"version-history":[{"count":0,"href":"https:\/\/speefak.spdns.de\/www.bike2change.de\/wp-json\/wp\/v2\/posts\/91\/revisions"}],"wp:featuredmedia":[{"embeddable":true,"href":"https:\/\/speefak.spdns.de\/www.bike2change.de\/wp-json\/wp\/v2\/media\/706"}],"wp:attachment":[{"href":"https:\/\/speefak.spdns.de\/www.bike2change.de\/wp-json\/wp\/v2\/media?parent=91"}],"wp:term":[{"taxonomy":"category","embeddable":true,"href":"https:\/\/speefak.spdns.de\/www.bike2change.de\/wp-json\/wp\/v2\/categories?post=91"},{"taxonomy":"post_tag","embeddable":true,"href":"https:\/\/speefak.spdns.de\/www.bike2change.de\/wp-json\/wp\/v2\/tags?post=91"}],"curies":[{"name":"wp","href":"https:\/\/api.w.org\/{rel}","templated":true}]}}