{"id":5123,"date":"2019-07-31T08:50:23","date_gmt":"2019-07-31T06:50:23","guid":{"rendered":"https:\/\/speefak.spdns.de\/oss_lifestyle\/?p=5123"},"modified":"2024-06-02T11:28:03","modified_gmt":"2024-06-02T09:28:03","slug":"gewoehnlicher-tuepfelfarn-natuerlicher-sonnenschutz","status":"publish","type":"post","link":"https:\/\/speefak.spdns.de\/oss_lifestyle\/gewoehnlicher-tuepfelfarn-natuerlicher-sonnenschutz\/","title":{"rendered":"Gew\u00f6hnlicher T\u00fcpfelfarn &#8211; nat\u00fcrlicher Sonnenschutz"},"content":{"rendered":"<p>Der gew\u00f6hnliche T\u00fcpfelfarn ist in weiten Teilen Europas, Nordafrikas und Westasiens heimisch. Die wintergr\u00fcne und ausdauernde Art geh\u00f6rt zur Gattung der T\u00fcpfelfarne (Polypodium)\u00a0 und ist auch unter dem Namen Engels\u00fc\u00df oder Steinfarn bekannt. Die Bl\u00e4tter sind zweizeilig wechselst\u00e4ndig gefiedert, ganzrandig und bleiben ganzj\u00e4hrig gr\u00fcn. Zur Sporenreife von Juli bis Oktober sind an den Unterseiten der ledrigen, zumeist dunkelgr\u00fcnen, bis zu 50 cm langen Bl\u00e4tter die s\u00fc\u00dflich schmeckenden, namensgebenden, kreisrunden \u201et\u00fcpfelartigen\u201c Sori besonders auff\u00e4llig. Die Sporenreife ist von Juli bis Oktober. Er w\u00e4chst auf schattigen Felsen und Mauern sowie in lichten Eichen- und Kiefernw\u00e4lder. Reiche Vorkommen sind in den D\u00fcnen entlang der Ostseek\u00fcste zu finden.<\/p>\n<p>Die Mayas verwendeten den gew\u00f6hnlichen T\u00fcpfelfarn zum Beispiel f\u00fcr die Blutreinigung. <a href=\"https:\/\/www.ethnoblog.de\/nc\/blog\/blog-post\/2016\/02\/29\/goldtuepfelfarn-schuetzt-vor-uv-strahlen\/\" target=\"_blank\" rel=\"noopener noreferrer\">Studien<\/a> zeigen, dass sein Extrakt UV-Sch\u00e4den minimiert, die trotz Sonnencreme in den Hautzellen entstehen. Wie fr\u00fcher in der Heilkunde, verwendet man auch heute den <a href=\"https:\/\/de.wikipedia.org\/wiki\/Rhizom\" target=\"_blank\" rel=\"noopener noreferrer\">Wurzelstock<\/a> bei Erkrankungen der Luftwege, bei Bronchitis, Leberleiden, Hautirritationen und Rheuma sowie als mildes Abf\u00fchrmittel und Wurmmittel.<\/p>\n<p>Vorsicht ist grunds\u00e4tzlich bei Selbsttherapien geboten, da auch der gew\u00f6hnliche T\u00fcpfelfarn, wie nahezu alle <a href=\"https:\/\/www.garten-treffpunkt.de\/lexikon\/farne.aspx#giftig\" target=\"_blank\" rel=\"noopener noreferrer\">Farne<\/a>, giftig ist. Die Toxizit\u00e4t ist zwar im Vergleich zu anderen Farnen wie dem <a href=\"https:\/\/de.wikipedia.org\/wiki\/Adlerfarn#Giftigkeit\" target=\"_blank\" rel=\"noopener noreferrer\">Adlerfarn<\/a> nicht ganz so hoch, jedoch drohen bei einer \u00dcberdosierung Vergiftung, schlimmstenfalls Atemstillstand und Tod.<\/p>\n<div id=\"metaslider-id-5150\" style=\"max-width: 300px; margin: 0 auto;\" class=\"ml-slider-3-108-0 metaslider metaslider-flex metaslider-5150 ml-slider has-dots-nav ml-slider-lightbox-2-22-0 lightbox-disabled ms-theme-default\" role=\"region\" aria-label=\"Der Gew\u00f6hnliche T\u00fcpfelfarn\" data-height=\"350\" data-width=\"300\">\n    <div id=\"metaslider_container_5150\">\n        <div id=\"metaslider_5150\">\n            <ul class='slides'>\n                <li style=\"display: block; width: 100%;\" class=\"slide-5156 ms-image \" aria-roledescription=\"slide\" data-date=\"2019-07-31 10:09:54\" data-filename=\"Der-Gewoehnliche-Tuepfelfarn-\u2013-natuerlicher-Sonnenschutz_5.png\" data-slide-type=\"image\"><img loading=\"lazy\" decoding=\"async\" src=\"https:\/\/speefak.spdns.de\/oss_lifestyle\/wp-content\/uploads\/2019\/07\/Der-Gewoehnliche-Tuepfelfarn-\u2013-natuerlicher-Sonnenschutz_5.png\" height=\"350\" width=\"300\" alt=\"\" class=\"slider-5150 slide-5156 msDefaultImage\" title=\"Der Gew\u00f6hnliche T\u00fcpfelfarn \u2013 nat\u00fcrlicher Sonnenschutz_5\" \/><\/li>\n            <\/ul>\n        <\/div>\n        \n    <\/div>\n<\/div>\n<hr \/>\n<p><img loading=\"lazy\" decoding=\"async\" class=\" wp-image-2821 alignleft\" src=\"https:\/\/speefak.spdns.de\/oss_lifestyle\/wp-content\/uploads\/2014\/08\/CC_BY_NC_SA.png\" alt=\"CC_BY_NC_SA\" width=\"65\" height=\"23\" \/><span style=\"font-size: 10pt;\">by Speefak | <span style=\"font-size: 8pt;\"><a href=\"https:\/\/gesundpedia.de\/Gew%C3%B6hnlicher_T%C3%BCpfelfarn\" target=\"_blank\" rel=\"noopener noreferrer\">www.gesundpedia.de<\/a> | <a href=\"http:\/\/www.arzneipflanzenlexikon.info\/engelsuess.php\" target=\"_blank\" rel=\"noopener noreferrer\">www.arzneipflanzenlexikon.info<\/a>\u00a0| <a href=\"https:\/\/medlexi.de\/Gew%C3%B6hnlicher_T%C3%BCpfelfarn\" target=\"_blank\" rel=\"noopener noreferrer\">www.medlexi.de<\/a> | <a href=\"https:\/\/www.mein-schoener-garten.de\/pflanzen\/tuepfelfarn\/gewoehnlicher-tuepfelfarn-polypodium-vulgare\" target=\"_blank\" rel=\"noopener noreferrer\">www.mein-schoener-garten.de<\/a> | <\/span><a href=\"https:\/\/www.pflanzenfreunde.com\/heilpflanzen\/tuepfelfarn.htm#collapseOne\" target=\"_blank\" rel=\"noopener noreferrer\"><span style=\"font-size: 8pt;\">www.pflanzenfreunde.com<\/span><\/a><\/span><\/p>\n","protected":false},"excerpt":{"rendered":"<p>Der gew\u00f6hnliche T\u00fcpfelfarn ist in weiten Teilen Europas, Nordafrikas und Westasiens heimisch. Die wintergr\u00fcne und ausdauernde Art geh\u00f6rt zur Gattung der T\u00fcpfelfarne (Polypodium)\u00a0 und ist auch unter dem Namen Engels\u00fc\u00df oder Steinfarn bekannt. Die Bl\u00e4tter sind zweizeilig wechselst\u00e4ndig gefiedert, ganzrandig und bleiben ganzj\u00e4hrig gr\u00fcn. Zur Sporenreife von Juli bis Oktober sind an den Unterseiten der [&hellip;]<\/p>\n","protected":false},"author":1,"featured_media":0,"comment_status":"open","ping_status":"open","sticky":false,"template":"","format":"standard","meta":{"footnotes":""},"categories":[51,17,25],"tags":[],"class_list":["post-5123","post","type-post","status-publish","format-standard","hentry","category-gesundheit","category-heilpflanzen","category-lebensmittel"],"rttpg_featured_image_url":null,"rttpg_author":{"display_name":"speefak","author_link":"https:\/\/speefak.spdns.de\/oss_lifestyle\/author\/speefak_oss\/"},"rttpg_comment":0,"rttpg_category":"<a href=\"https:\/\/speefak.spdns.de\/oss_lifestyle\/category\/gesundheit\/\" rel=\"category tag\">Gesundheit<\/a> <a href=\"https:\/\/speefak.spdns.de\/oss_lifestyle\/category\/heilpflanzen\/\" rel=\"category tag\">Heilpflanzen<\/a> <a href=\"https:\/\/speefak.spdns.de\/oss_lifestyle\/category\/lebensmittel\/\" rel=\"category tag\">Lebensmittel<\/a>","rttpg_excerpt":"Der gew\u00f6hnliche T\u00fcpfelfarn ist in weiten Teilen Europas, Nordafrikas und Westasiens heimisch. Die wintergr\u00fcne und ausdauernde Art geh\u00f6rt zur Gattung der T\u00fcpfelfarne (Polypodium)\u00a0 und ist auch unter dem Namen Engels\u00fc\u00df oder Steinfarn bekannt. Die Bl\u00e4tter sind zweizeilig wechselst\u00e4ndig gefiedert, ganzrandig und bleiben ganzj\u00e4hrig gr\u00fcn. Zur Sporenreife von Juli bis Oktober sind an den Unterseiten der&hellip;","_links":{"self":[{"href":"https:\/\/speefak.spdns.de\/oss_lifestyle\/wp-json\/wp\/v2\/posts\/5123","targetHints":{"allow":["GET"]}}],"collection":[{"href":"https:\/\/speefak.spdns.de\/oss_lifestyle\/wp-json\/wp\/v2\/posts"}],"about":[{"href":"https:\/\/speefak.spdns.de\/oss_lifestyle\/wp-json\/wp\/v2\/types\/post"}],"author":[{"embeddable":true,"href":"https:\/\/speefak.spdns.de\/oss_lifestyle\/wp-json\/wp\/v2\/users\/1"}],"replies":[{"embeddable":true,"href":"https:\/\/speefak.spdns.de\/oss_lifestyle\/wp-json\/wp\/v2\/comments?post=5123"}],"version-history":[{"count":0,"href":"https:\/\/speefak.spdns.de\/oss_lifestyle\/wp-json\/wp\/v2\/posts\/5123\/revisions"}],"wp:attachment":[{"href":"https:\/\/speefak.spdns.de\/oss_lifestyle\/wp-json\/wp\/v2\/media?parent=5123"}],"wp:term":[{"taxonomy":"category","embeddable":true,"href":"https:\/\/speefak.spdns.de\/oss_lifestyle\/wp-json\/wp\/v2\/categories?post=5123"},{"taxonomy":"post_tag","embeddable":true,"href":"https:\/\/speefak.spdns.de\/oss_lifestyle\/wp-json\/wp\/v2\/tags?post=5123"}],"curies":[{"name":"wp","href":"https:\/\/api.w.org\/{rel}","templated":true}]}}